{"id":3244,"date":"2025-03-21T10:16:37","date_gmt":"2025-03-21T15:16:37","guid":{"rendered":"https:\/\/www.feedthechildren.org\/?p=3244"},"modified":"2025-03-21T10:42:34","modified_gmt":"2025-03-21T15:42:34","slug":"feed-the-children-celebrates-world-water-day","status":"publish","type":"post","link":"https:\/\/www.feedthechildren.org\/es\/about\/press\/feed-the-children-celebrates-world-water-day\/","title":{"rendered":"Feed the Children celebra el D\u00eda Mundial del Agua"},"content":{"rendered":"<style>.wp-block-kadence-advancedheading.kt-adv-heading3246_263f89-69, .wp-block-kadence-advancedheading.kt-adv-heading3246_263f89-69[data-kb-block=\"kb-adv-heading3246_263f89-69\"]{font-size:18px;font-weight:500;font-style:normal;}.wp-block-kadence-advancedheading.kt-adv-heading3246_263f89-69 mark.kt-highlight, .wp-block-kadence-advancedheading.kt-adv-heading3246_263f89-69[data-kb-block=\"kb-adv-heading3246_263f89-69\"] mark.kt-highlight{font-style:normal;color:#f76a0c;-webkit-box-decoration-break:clone;box-decoration-break:clone;padding-top:0px;padding-right:0px;padding-bottom:0px;padding-left:0px;}.wp-block-kadence-advancedheading.kt-adv-heading3246_263f89-69 img.kb-inline-image, .wp-block-kadence-advancedheading.kt-adv-heading3246_263f89-69[data-kb-block=\"kb-adv-heading3246_263f89-69\"] img.kb-inline-image{width:150px;vertical-align:baseline;}<\/style>\n<p class=\"kt-adv-heading3246_263f89-69 wp-block-kadence-advancedheading\" data-kb-block=\"kb-adv-heading3246_263f89-69\">Nonprofit works with global partners to expand access to clean water<\/p>\n\n\n<style>.kb-image3246_94204c-5a:not(.kb-image-is-ratio-size) .kb-img, .kb-image3246_94204c-5a.kb-image-is-ratio-size{padding-top:var(--global-kb-spacing-xs, 1rem);padding-bottom:var(--global-kb-spacing-xs, 1rem);}.kb-image3246_94204c-5a .kb-image-has-overlay:after{opacity:0.3;}<\/style>\n<figure class=\"wp-block-kadence-image kb-image3246_94204c-5a size-large\"><img loading=\"lazy\" decoding=\"async\" width=\"1024\" height=\"683\" src=\"https:\/\/www.feedthechildren.org\/wp-content\/uploads\/2025\/03\/Feed-the-Children-World-Water-Day-WASH-1024x683.jpg\" alt=\"People washing hands with water from a bucket\" class=\"kb-img wp-image-3247\" srcset=\"https:\/\/www.feedthechildren.org\/wp-content\/uploads\/2025\/03\/Feed-the-Children-World-Water-Day-WASH-1024x683.jpg 1024w, https:\/\/www.feedthechildren.org\/wp-content\/uploads\/2025\/03\/Feed-the-Children-World-Water-Day-WASH-300x200.jpg 300w, https:\/\/www.feedthechildren.org\/wp-content\/uploads\/2025\/03\/Feed-the-Children-World-Water-Day-WASH-768x512.jpg 768w, https:\/\/www.feedthechildren.org\/wp-content\/uploads\/2025\/03\/Feed-the-Children-World-Water-Day-WASH-18x12.jpg 18w, https:\/\/www.feedthechildren.org\/wp-content\/uploads\/2025\/03\/Feed-the-Children-World-Water-Day-WASH-60x40.jpg 60w, https:\/\/www.feedthechildren.org\/wp-content\/uploads\/2025\/03\/Feed-the-Children-World-Water-Day-WASH.jpg 1200w\" sizes=\"auto, (max-width: 1024px) 100vw, 1024px\" \/><\/figure>\n\n\n\n<p><strong>OKLAHOMA CITY (March 21, 2025) \u2013<\/strong> While many enjoy easy access to clean water, more than 2 billion people worldwide still lack safe drinking water. This World Water Day, Feed the Children highlights the importance of water access, and the role clean water plays in helping children and their families thrive. The organization understands that delivering impactful programs that address the root cause of water insecurity while promoting clean water and safe health and hygiene practices requires collaboration. Feed the Children celebrates its partnerships that make a difference for communities experiencing water insecurity around the world.<\/p>\n\n\n<style>.wp-block-kadence-advancedheading.kt-adv-heading3246_680139-c0, .wp-block-kadence-advancedheading.kt-adv-heading3246_680139-c0[data-kb-block=\"kb-adv-heading3246_680139-c0\"]{font-size:18px;font-style:normal;}.wp-block-kadence-advancedheading.kt-adv-heading3246_680139-c0 mark.kt-highlight, .wp-block-kadence-advancedheading.kt-adv-heading3246_680139-c0[data-kb-block=\"kb-adv-heading3246_680139-c0\"] mark.kt-highlight{font-style:normal;color:#f76a0c;-webkit-box-decoration-break:clone;box-decoration-break:clone;padding-top:0px;padding-right:0px;padding-bottom:0px;padding-left:0px;}.wp-block-kadence-advancedheading.kt-adv-heading3246_680139-c0 img.kb-inline-image, .wp-block-kadence-advancedheading.kt-adv-heading3246_680139-c0[data-kb-block=\"kb-adv-heading3246_680139-c0\"] img.kb-inline-image{width:150px;vertical-align:baseline;}<\/style>\n<h3 class=\"kt-adv-heading3246_680139-c0 wp-block-kadence-advancedheading\" data-kb-block=\"kb-adv-heading3246_680139-c0\"><strong>Expanding Access to Clean Water<\/strong><\/h3>\n\n\n\n<p>Across El Salvador, Guatemala, Honduras, Kenya, Malawi, the Philippines, Tanzania, and Uganda, Feed the Children integrates Water, Sanitation, and Hygiene (WASH) initiatives into its programs to protect children and families from waterborne diseases.<\/p>\n\n\n\n<p>In Africa, where water is often scarce, Feed the Children drilled and repaired over 45 boreholes in Kenya and Malawi last year, tapping into deep groundwater sources with solar-powered pumps to provide sustainable water solutions.<\/p>\n\n\n\n<p>Through its continued partnership with Procter &amp; Gamble, Feed the Children distributed over 4 million water purification packets in 2024, providing clean drinking water to more than 18,500 households.<\/p>\n\n\n\n<p>\u201cWe are incredibly grateful for the on-going support of Procter &amp; Gamble as we continue serving communities in Malawi as humanitarian aid is reduced,\u201d said Bre Jefferson, President, International at Feed the Children. \u201cPartnerships with the corporate sector are increasingly critical as we aim to scale our impact as the global need urgently rises.\u201d<\/p>\n\n\n<style>.wp-block-kadence-advancedheading.kt-adv-heading3246_eacae5-49, .wp-block-kadence-advancedheading.kt-adv-heading3246_eacae5-49[data-kb-block=\"kb-adv-heading3246_eacae5-49\"]{font-size:18px;font-style:normal;}.wp-block-kadence-advancedheading.kt-adv-heading3246_eacae5-49 mark.kt-highlight, .wp-block-kadence-advancedheading.kt-adv-heading3246_eacae5-49[data-kb-block=\"kb-adv-heading3246_eacae5-49\"] mark.kt-highlight{font-style:normal;color:#f76a0c;-webkit-box-decoration-break:clone;box-decoration-break:clone;padding-top:0px;padding-right:0px;padding-bottom:0px;padding-left:0px;}.wp-block-kadence-advancedheading.kt-adv-heading3246_eacae5-49 img.kb-inline-image, .wp-block-kadence-advancedheading.kt-adv-heading3246_eacae5-49[data-kb-block=\"kb-adv-heading3246_eacae5-49\"] img.kb-inline-image{width:150px;vertical-align:baseline;}<\/style>\n<h3 class=\"kt-adv-heading3246_eacae5-49 wp-block-kadence-advancedheading\" data-kb-block=\"kb-adv-heading3246_eacae5-49\"><strong>Water Relief in the United States<\/strong><\/h3>\n\n\n\n<p>Domestically, Feed the Children partners with Niagara Cares, the charitable division of Niagara Bottling, to provide families with emergency water affected by natural and man-made disasters. In the last 16 years, they have distributed over 155 million pounds of essential supplies, including more than 10 million bottles of water to support communities impacted by crises such as the California wildfires, Hurricane Ian, and the East Palestine, Ohio, disaster.<\/p>\n\n\n\n<p>While Feed the Children\u2019s work to support communities around the world continues, it cannot be done alone.<\/p>\n\n\n\n<p>\u201cWater scarcity is an urgent global challenge that requires collective action,\u201d said Emily Callahan, President and CEO of Feed the Children. \u201cThrough our international programs and domestic relief efforts, we are providing children and families with the vital resources they need to build stronger, healthier futures.\u201d<\/p>\n\n\n<style>.wp-block-kadence-advancedheading.kt-adv-heading3246_444d73-31, .wp-block-kadence-advancedheading.kt-adv-heading3246_444d73-31[data-kb-block=\"kb-adv-heading3246_444d73-31\"]{font-style:normal;}.wp-block-kadence-advancedheading.kt-adv-heading3246_444d73-31 mark.kt-highlight, .wp-block-kadence-advancedheading.kt-adv-heading3246_444d73-31[data-kb-block=\"kb-adv-heading3246_444d73-31\"] mark.kt-highlight{font-style:normal;color:#f76a0c;-webkit-box-decoration-break:clone;box-decoration-break:clone;padding-top:0px;padding-right:0px;padding-bottom:0px;padding-left:0px;}.wp-block-kadence-advancedheading.kt-adv-heading3246_444d73-31 img.kb-inline-image, .wp-block-kadence-advancedheading.kt-adv-heading3246_444d73-31[data-kb-block=\"kb-adv-heading3246_444d73-31\"] img.kb-inline-image{width:150px;vertical-align:baseline;}.wp-block-kadence-advancedheading.kt-adv-heading3246_444d73-31[data-kb-block=\"kb-adv-heading3246_444d73-31\"] a, a.kb-advanced-heading-link.kt-adv-heading-link3246_444d73-31{text-decoration:none;}.wp-block-kadence-advancedheading.kt-adv-heading3246_444d73-31[data-kb-block=\"kb-adv-heading3246_444d73-31\"] a:hover, a.kb-advanced-heading-link.kt-adv-heading-link3246_444d73-31:hover{text-decoration:underline;}<\/style>\n<p class=\"kt-adv-heading3246_444d73-31 wp-block-kadence-advancedheading hls-hover_underline\" data-kb-block=\"kb-adv-heading3246_444d73-31\">The organization encourages everyone to come together and join their global initiative to provide access to clean water and resources today. Supporters can <a href=\"https:\/\/www.feedthechildren.org\/donate\">donate<\/a> and help address this growing global crisis while making a difference in communities around the world.<\/p>\n\n\n\n<p><\/p>\n","protected":false},"excerpt":{"rendered":"<p>Una organizaci\u00f3n sin \u00e1nimo de lucro trabaja con socios de todo el mundo para ampliar el acceso al agua potable OKLAHOMA CITY (21 de marzo de 2025) - Aunque muchos disfrutan de f\u00e1cil acceso al agua potable, m\u00e1s de 2.000 millones de personas en todo el mundo siguen careciendo de agua potable. Este D\u00eda Mundial del Agua, Feed the Children destaca la importancia del acceso al agua y el papel que desempe\u00f1a el agua limpia...<\/p>","protected":false},"author":2,"featured_media":0,"comment_status":"closed","ping_status":"closed","sticky":false,"template":"","format":"standard","meta":{"_acf_changed":false,"content-type":"","_kad_blocks_custom_css":"","_kad_blocks_head_custom_js":"","_kad_blocks_body_custom_js":"","_kad_blocks_footer_custom_js":"","_kad_post_transparent":"","_kad_post_title":"","_kad_post_layout":"","_kad_post_sidebar_id":"","_kad_post_content_style":"","_kad_post_vertical_padding":"","_kad_post_feature":"","_kad_post_feature_position":"","_kad_post_header":false,"_kad_post_footer":false,"footnotes":""},"categories":[25],"tags":[],"post_folder":[71],"class_list":["post-3244","post","type-post","status-publish","format-standard","hentry","category-press"],"acf":[],"yoast_head":"<!-- This site is optimized with the Yoast SEO Premium plugin v27.4 (Yoast SEO v27.4) - https:\/\/yoast.com\/product\/yoast-seo-premium-wordpress\/ -->\n<title>Feed the Children Celebrates World Water Day | Feed the Children<\/title>\n<meta name=\"robots\" content=\"index, follow, max-snippet:-1, max-image-preview:large, max-video-preview:-1\" \/>\n<link rel=\"canonical\" href=\"https:\/\/www.feedthechildren.org\/es\/about\/press\/feed-the-children-celebrates-world-water-day\/\" \/>\n<meta property=\"og:locale\" content=\"es_MX\" \/>\n<meta property=\"og:type\" content=\"article\" \/>\n<meta property=\"og:title\" content=\"Feed the Children Celebrates World Water Day | Feed the Children\" \/>\n<meta property=\"og:description\" content=\"Nonprofit works with global partners to expand access to clean water OKLAHOMA CITY (March 21, 2025) \u2013 While many enjoy easy access to clean water, more than 2 billion people worldwide still lack safe drinking water. This World Water Day, Feed the Children highlights the importance of water access, and the role clean water plays...\" \/>\n<meta property=\"og:url\" content=\"https:\/\/www.feedthechildren.org\/es\/about\/press\/feed-the-children-celebrates-world-water-day\/\" \/>\n<meta property=\"og:site_name\" content=\"Feed the Children\" \/>\n<meta property=\"article:publisher\" content=\"https:\/\/www.facebook.com\/feedthechildren\" \/>\n<meta property=\"article:published_time\" content=\"2025-03-21T15:16:37+00:00\" \/>\n<meta property=\"article:modified_time\" content=\"2025-03-21T15:42:34+00:00\" \/>\n<meta property=\"og:image\" content=\"https:\/\/www.feedthechildren.org\/wp-content\/uploads\/2025\/03\/Feed-the-Children-World-Water-Day-WASH.jpg\" \/>\n\t<meta property=\"og:image:width\" content=\"1200\" \/>\n\t<meta property=\"og:image:height\" content=\"800\" \/>\n\t<meta property=\"og:image:type\" content=\"image\/jpeg\" \/>\n<meta name=\"author\" content=\"Benton Demeter\" \/>\n<meta name=\"twitter:card\" content=\"summary_large_image\" \/>\n<meta name=\"twitter:creator\" content=\"@feedthechildren\" \/>\n<meta name=\"twitter:site\" content=\"@feedthechildren\" \/>\n<meta name=\"twitter:label1\" content=\"Written by\" \/>\n\t<meta name=\"twitter:data1\" content=\"Benton Demeter\" \/>\n\t<meta name=\"twitter:label2\" content=\"Est. reading time\" \/>\n\t<meta name=\"twitter:data2\" content=\"3 minutos\" \/>\n<script type=\"application\/ld+json\" class=\"yoast-schema-graph\">{\"@context\":\"https:\\\/\\\/schema.org\",\"@graph\":[{\"@type\":\"Article\",\"@id\":\"https:\\\/\\\/www.feedthechildren.org\\\/about\\\/press\\\/feed-the-children-celebrates-world-water-day\\\/#article\",\"isPartOf\":{\"@id\":\"https:\\\/\\\/www.feedthechildren.org\\\/about\\\/press\\\/feed-the-children-celebrates-world-water-day\\\/\"},\"author\":{\"name\":\"Benton Demeter\",\"@id\":\"https:\\\/\\\/www.feedthechildren.org\\\/#\\\/schema\\\/person\\\/48a779cdf0f18386ab461219465e146b\"},\"headline\":\"Feed the Children Celebrates World Water Day\",\"datePublished\":\"2025-03-21T15:16:37+00:00\",\"dateModified\":\"2025-03-21T15:42:34+00:00\",\"mainEntityOfPage\":{\"@id\":\"https:\\\/\\\/www.feedthechildren.org\\\/about\\\/press\\\/feed-the-children-celebrates-world-water-day\\\/\"},\"wordCount\":437,\"publisher\":{\"@id\":\"https:\\\/\\\/www.feedthechildren.org\\\/#organization\"},\"image\":{\"@id\":\"https:\\\/\\\/www.feedthechildren.org\\\/about\\\/press\\\/feed-the-children-celebrates-world-water-day\\\/#primaryimage\"},\"thumbnailUrl\":\"https:\\\/\\\/www.feedthechildren.org\\\/wp-content\\\/uploads\\\/2025\\\/03\\\/Feed-the-Children-World-Water-Day-WASH-1024x683.jpg\",\"articleSection\":[\"Press Release\"],\"inLanguage\":\"es\"},{\"@type\":\"WebPage\",\"@id\":\"https:\\\/\\\/www.feedthechildren.org\\\/about\\\/press\\\/feed-the-children-celebrates-world-water-day\\\/\",\"url\":\"https:\\\/\\\/www.feedthechildren.org\\\/about\\\/press\\\/feed-the-children-celebrates-world-water-day\\\/\",\"name\":\"Feed the Children Celebrates World Water Day | Feed the Children\",\"isPartOf\":{\"@id\":\"https:\\\/\\\/www.feedthechildren.org\\\/#website\"},\"primaryImageOfPage\":{\"@id\":\"https:\\\/\\\/www.feedthechildren.org\\\/about\\\/press\\\/feed-the-children-celebrates-world-water-day\\\/#primaryimage\"},\"image\":{\"@id\":\"https:\\\/\\\/www.feedthechildren.org\\\/about\\\/press\\\/feed-the-children-celebrates-world-water-day\\\/#primaryimage\"},\"thumbnailUrl\":\"https:\\\/\\\/www.feedthechildren.org\\\/wp-content\\\/uploads\\\/2025\\\/03\\\/Feed-the-Children-World-Water-Day-WASH-1024x683.jpg\",\"datePublished\":\"2025-03-21T15:16:37+00:00\",\"dateModified\":\"2025-03-21T15:42:34+00:00\",\"breadcrumb\":{\"@id\":\"https:\\\/\\\/www.feedthechildren.org\\\/about\\\/press\\\/feed-the-children-celebrates-world-water-day\\\/#breadcrumb\"},\"inLanguage\":\"es\",\"potentialAction\":[{\"@type\":\"ReadAction\",\"target\":[\"https:\\\/\\\/www.feedthechildren.org\\\/about\\\/press\\\/feed-the-children-celebrates-world-water-day\\\/\"]}]},{\"@type\":\"ImageObject\",\"inLanguage\":\"es\",\"@id\":\"https:\\\/\\\/www.feedthechildren.org\\\/about\\\/press\\\/feed-the-children-celebrates-world-water-day\\\/#primaryimage\",\"url\":\"https:\\\/\\\/www.feedthechildren.org\\\/wp-content\\\/uploads\\\/2025\\\/03\\\/Feed-the-Children-World-Water-Day-WASH-1024x683.jpg\",\"contentUrl\":\"https:\\\/\\\/www.feedthechildren.org\\\/wp-content\\\/uploads\\\/2025\\\/03\\\/Feed-the-Children-World-Water-Day-WASH-1024x683.jpg\"},{\"@type\":\"BreadcrumbList\",\"@id\":\"https:\\\/\\\/www.feedthechildren.org\\\/about\\\/press\\\/feed-the-children-celebrates-world-water-day\\\/#breadcrumb\",\"itemListElement\":[{\"@type\":\"ListItem\",\"position\":1,\"name\":\"Home\",\"item\":\"https:\\\/\\\/www.feedthechildren.org\\\/\"},{\"@type\":\"ListItem\",\"position\":2,\"name\":\"Feed the Children Celebrates World Water Day\"}]},{\"@type\":\"WebSite\",\"@id\":\"https:\\\/\\\/www.feedthechildren.org\\\/#website\",\"url\":\"https:\\\/\\\/www.feedthechildren.org\\\/\",\"name\":\"Official Site: Feed the Children\",\"description\":\"Help Fight Childhood Hunger\",\"publisher\":{\"@id\":\"https:\\\/\\\/www.feedthechildren.org\\\/#organization\"},\"potentialAction\":[{\"@type\":\"SearchAction\",\"target\":{\"@type\":\"EntryPoint\",\"urlTemplate\":\"https:\\\/\\\/www.feedthechildren.org\\\/?s={search_term_string}\"},\"query-input\":{\"@type\":\"PropertyValueSpecification\",\"valueRequired\":true,\"valueName\":\"search_term_string\"}}],\"inLanguage\":\"es\"},{\"@type\":\"Organization\",\"@id\":\"https:\\\/\\\/www.feedthechildren.org\\\/#organization\",\"name\":\"Feed the Children\",\"url\":\"https:\\\/\\\/www.feedthechildren.org\\\/\",\"logo\":{\"@type\":\"ImageObject\",\"inLanguage\":\"es\",\"@id\":\"https:\\\/\\\/www.feedthechildren.org\\\/#\\\/schema\\\/logo\\\/image\\\/\",\"url\":\"https:\\\/\\\/www.feedthechildren.org\\\/wp-content\\\/uploads\\\/2024\\\/03\\\/feed-the-children-logo-square-padding.png\",\"contentUrl\":\"https:\\\/\\\/www.feedthechildren.org\\\/wp-content\\\/uploads\\\/2024\\\/03\\\/feed-the-children-logo-square-padding.png\",\"width\":1240,\"height\":1240,\"caption\":\"Feed the Children\"},\"image\":{\"@id\":\"https:\\\/\\\/www.feedthechildren.org\\\/#\\\/schema\\\/logo\\\/image\\\/\"},\"sameAs\":[\"https:\\\/\\\/www.facebook.com\\\/feedthechildren\",\"https:\\\/\\\/x.com\\\/feedthechildren\",\"https:\\\/\\\/youtube.com\\\/FeedTheChildrenOrg\",\"https:\\\/\\\/www.linkedin.com\\\/company\\\/feed-the-children\"],\"description\":\"Established in 1979, Feed the Children exists to defeat childhood hunger. We are one of the largest U.S.-based charities, serving those in need in the U.S. and internationally by providing food, life essentials, educational initiatives, and disaster response.\",\"email\":\"info@feedthechildren.org\",\"telephone\":\"1-800-627-4556\",\"legalName\":\"Feed the Children\",\"foundingDate\":\"1979-01-01\",\"taxID\":\"73-6108657\"},{\"@type\":\"Person\",\"@id\":\"https:\\\/\\\/www.feedthechildren.org\\\/#\\\/schema\\\/person\\\/48a779cdf0f18386ab461219465e146b\",\"name\":\"Benton Demeter\"}]}<\/script>\n<!-- \/ Yoast SEO Premium plugin. -->","yoast_head_json":{"title":"Feed the Children celebra el D\u00eda Mundial del Agua | Feed the Children","robots":{"index":"index","follow":"follow","max-snippet":"max-snippet:-1","max-image-preview":"max-image-preview:large","max-video-preview":"max-video-preview:-1"},"canonical":"https:\/\/www.feedthechildren.org\/es\/about\/press\/feed-the-children-celebrates-world-water-day\/","og_locale":"es_MX","og_type":"article","og_title":"Feed the Children Celebrates World Water Day | Feed the Children","og_description":"Nonprofit works with global partners to expand access to clean water OKLAHOMA CITY (March 21, 2025) \u2013 While many enjoy easy access to clean water, more than 2 billion people worldwide still lack safe drinking water. This World Water Day, Feed the Children highlights the importance of water access, and the role clean water plays...","og_url":"https:\/\/www.feedthechildren.org\/es\/about\/press\/feed-the-children-celebrates-world-water-day\/","og_site_name":"Feed the Children","article_publisher":"https:\/\/www.facebook.com\/feedthechildren","article_published_time":"2025-03-21T15:16:37+00:00","article_modified_time":"2025-03-21T15:42:34+00:00","og_image":[{"width":1200,"height":800,"url":"https:\/\/www.feedthechildren.org\/wp-content\/uploads\/2025\/03\/Feed-the-Children-World-Water-Day-WASH.jpg","type":"image\/jpeg"}],"author":"Benton Demeter","twitter_card":"summary_large_image","twitter_creator":"@feedthechildren","twitter_site":"@feedthechildren","twitter_misc":{"Written by":"Benton Demeter","Est. reading time":"3 minutos"},"schema":{"@context":"https:\/\/schema.org","@graph":[{"@type":"Article","@id":"https:\/\/www.feedthechildren.org\/about\/press\/feed-the-children-celebrates-world-water-day\/#article","isPartOf":{"@id":"https:\/\/www.feedthechildren.org\/about\/press\/feed-the-children-celebrates-world-water-day\/"},"author":{"name":"Benton Demeter","@id":"https:\/\/www.feedthechildren.org\/#\/schema\/person\/48a779cdf0f18386ab461219465e146b"},"headline":"Feed the Children Celebrates World Water Day","datePublished":"2025-03-21T15:16:37+00:00","dateModified":"2025-03-21T15:42:34+00:00","mainEntityOfPage":{"@id":"https:\/\/www.feedthechildren.org\/about\/press\/feed-the-children-celebrates-world-water-day\/"},"wordCount":437,"publisher":{"@id":"https:\/\/www.feedthechildren.org\/#organization"},"image":{"@id":"https:\/\/www.feedthechildren.org\/about\/press\/feed-the-children-celebrates-world-water-day\/#primaryimage"},"thumbnailUrl":"https:\/\/www.feedthechildren.org\/wp-content\/uploads\/2025\/03\/Feed-the-Children-World-Water-Day-WASH-1024x683.jpg","articleSection":["Press Release"],"inLanguage":"es"},{"@type":"WebPage","@id":"https:\/\/www.feedthechildren.org\/about\/press\/feed-the-children-celebrates-world-water-day\/","url":"https:\/\/www.feedthechildren.org\/about\/press\/feed-the-children-celebrates-world-water-day\/","name":"Feed the Children celebra el D\u00eda Mundial del Agua | Feed the Children","isPartOf":{"@id":"https:\/\/www.feedthechildren.org\/#website"},"primaryImageOfPage":{"@id":"https:\/\/www.feedthechildren.org\/about\/press\/feed-the-children-celebrates-world-water-day\/#primaryimage"},"image":{"@id":"https:\/\/www.feedthechildren.org\/about\/press\/feed-the-children-celebrates-world-water-day\/#primaryimage"},"thumbnailUrl":"https:\/\/www.feedthechildren.org\/wp-content\/uploads\/2025\/03\/Feed-the-Children-World-Water-Day-WASH-1024x683.jpg","datePublished":"2025-03-21T15:16:37+00:00","dateModified":"2025-03-21T15:42:34+00:00","breadcrumb":{"@id":"https:\/\/www.feedthechildren.org\/about\/press\/feed-the-children-celebrates-world-water-day\/#breadcrumb"},"inLanguage":"es","potentialAction":[{"@type":"ReadAction","target":["https:\/\/www.feedthechildren.org\/about\/press\/feed-the-children-celebrates-world-water-day\/"]}]},{"@type":"ImageObject","inLanguage":"es","@id":"https:\/\/www.feedthechildren.org\/about\/press\/feed-the-children-celebrates-world-water-day\/#primaryimage","url":"https:\/\/www.feedthechildren.org\/wp-content\/uploads\/2025\/03\/Feed-the-Children-World-Water-Day-WASH-1024x683.jpg","contentUrl":"https:\/\/www.feedthechildren.org\/wp-content\/uploads\/2025\/03\/Feed-the-Children-World-Water-Day-WASH-1024x683.jpg"},{"@type":"BreadcrumbList","@id":"https:\/\/www.feedthechildren.org\/about\/press\/feed-the-children-celebrates-world-water-day\/#breadcrumb","itemListElement":[{"@type":"ListItem","position":1,"name":"Home","item":"https:\/\/www.feedthechildren.org\/"},{"@type":"ListItem","position":2,"name":"Feed the Children Celebrates World Water Day"}]},{"@type":"WebSite","@id":"https:\/\/www.feedthechildren.org\/#website","url":"https:\/\/www.feedthechildren.org\/","name":"Sitio oficial: Alimentar a los ni\u00f1os","description":"Ayude a combatir el hambre infantil","publisher":{"@id":"https:\/\/www.feedthechildren.org\/#organization"},"potentialAction":[{"@type":"SearchAction","target":{"@type":"EntryPoint","urlTemplate":"https:\/\/www.feedthechildren.org\/?s={search_term_string}"},"query-input":{"@type":"PropertyValueSpecification","valueRequired":true,"valueName":"search_term_string"}}],"inLanguage":"es"},{"@type":"Organization","@id":"https:\/\/www.feedthechildren.org\/#organization","name":"Alimentar a los ni\u00f1os","url":"https:\/\/www.feedthechildren.org\/","logo":{"@type":"ImageObject","inLanguage":"es","@id":"https:\/\/www.feedthechildren.org\/#\/schema\/logo\/image\/","url":"https:\/\/www.feedthechildren.org\/wp-content\/uploads\/2024\/03\/feed-the-children-logo-square-padding.png","contentUrl":"https:\/\/www.feedthechildren.org\/wp-content\/uploads\/2024\/03\/feed-the-children-logo-square-padding.png","width":1240,"height":1240,"caption":"Feed the Children"},"image":{"@id":"https:\/\/www.feedthechildren.org\/#\/schema\/logo\/image\/"},"sameAs":["https:\/\/www.facebook.com\/feedthechildren","https:\/\/x.com\/feedthechildren","https:\/\/youtube.com\/FeedTheChildrenOrg","https:\/\/www.linkedin.com\/company\/feed-the-children"],"description":"Fundada en 1979, Feed the Children lucha contra el hambre infantil. Somos una de las mayores organizaciones ben\u00e9ficas de EE.UU., y atendemos a los necesitados en EE.UU. e internacionalmente proporcion\u00e1ndoles alimentos, art\u00edculos de primera necesidad, iniciativas educativas y respuesta a cat\u00e1strofes.","email":"info@feedthechildren.org","telephone":"1-800-627-4556","legalName":"Feed the Children","foundingDate":"1979-01-01","taxID":"73-6108657"},{"@type":"Person","@id":"https:\/\/www.feedthechildren.org\/#\/schema\/person\/48a779cdf0f18386ab461219465e146b","name":"Benton Demeter"}]}},"taxonomy_info":{"category":[{"value":25,"label":"Press Release"}]},"featured_image_src_large":false,"author_info":{"display_name":"Benton Demeter","author_link":"https:\/\/www.feedthechildren.org\/es\/author\/benton-demeterfeedthechildren-org\/"},"comment_info":0,"category_info":[{"term_id":25,"name":"Press Release","slug":"press","term_group":0,"term_taxonomy_id":25,"taxonomy":"category","description":"","parent":66,"count":74,"filter":"raw","cat_ID":25,"category_count":74,"category_description":"","cat_name":"Press Release","category_nicename":"press","category_parent":66}],"tag_info":false,"publishpress_future_action":{"enabled":false,"date":"2026-04-30 06:32:16","action":"change-status","newStatus":"draft","terms":[],"taxonomy":"category","extraData":[]},"publishpress_future_workflow_manual_trigger":{"enabledWorkflows":[]},"_links":{"self":[{"href":"https:\/\/www.feedthechildren.org\/es\/wp-json\/wp\/v2\/posts\/3244","targetHints":{"allow":["GET"]}}],"collection":[{"href":"https:\/\/www.feedthechildren.org\/es\/wp-json\/wp\/v2\/posts"}],"about":[{"href":"https:\/\/www.feedthechildren.org\/es\/wp-json\/wp\/v2\/types\/post"}],"author":[{"embeddable":true,"href":"https:\/\/www.feedthechildren.org\/es\/wp-json\/wp\/v2\/users\/2"}],"replies":[{"embeddable":true,"href":"https:\/\/www.feedthechildren.org\/es\/wp-json\/wp\/v2\/comments?post=3244"}],"version-history":[{"count":0,"href":"https:\/\/www.feedthechildren.org\/es\/wp-json\/wp\/v2\/posts\/3244\/revisions"}],"wp:attachment":[{"href":"https:\/\/www.feedthechildren.org\/es\/wp-json\/wp\/v2\/media?parent=3244"}],"wp:term":[{"taxonomy":"category","embeddable":true,"href":"https:\/\/www.feedthechildren.org\/es\/wp-json\/wp\/v2\/categories?post=3244"},{"taxonomy":"post_tag","embeddable":true,"href":"https:\/\/www.feedthechildren.org\/es\/wp-json\/wp\/v2\/tags?post=3244"},{"taxonomy":"post_folder","embeddable":true,"href":"https:\/\/www.feedthechildren.org\/es\/wp-json\/wp\/v2\/post_folder?post=3244"}],"curies":[{"name":"wp","href":"https:\/\/api.w.org\/{rel}","templated":true}]}}